{"id":309,"date":"2016-01-11T08:52:02","date_gmt":"2016-01-11T08:52:02","guid":{"rendered":"http:\/\/www.primolevicenter.org\/cplexhibitions\/?p=309"},"modified":"2017-02-28T06:55:21","modified_gmt":"2017-02-28T06:55:21","slug":"credit","status":"publish","type":"post","link":"http:\/\/www.primolevicenter.org\/cplexhibitions\/credit\/","title":{"rendered":"Credits"},"content":{"rendered":"[aesop_content color=&#8221;#000000&#8243; background=&#8221;#ffffff&#8221; columns=&#8221;1&#8243; position=&#8221;none&#8221; imgrepeat=&#8221;no-repeat&#8221; floaterposition=&#8221;left&#8221; floaterdirection=&#8221;up&#8221; revealfx=&#8221;off&#8221;]The online presentation has been created by\u00a0Centro Primo Levi, in partnership with the Renato Maestro Jewish Library and Archive in Venice and the Library of Congress.<\/p>\n<p>The project is part of\u00a0the Carnegie Hall festival\u00a0<em><a href=\"https:\/\/www.carnegiehall.org\/venice\/\" target=\"_blank\">La Serenissima: Music and Arts from the Venetian Republic<\/a>\u00a0<\/em>\u00a0held in collaboration with NYU Casa Italiana Zerilli-Marim\u00f2, the Library of Congress and The Jewish Museum.<\/p>\n<p>It was made possible through the generous support of\u00a0the Italian Embassy and the Italian Cultural Institute in Washington D.C., Peter S. and Mary Kalikow, and the Cahnman Foundation with additional support from the David Berg Foundation.<\/p>\n[\/aesop_content]\n[aesop_parallax img=&#8221;http:\/\/www.primolevicenter.org\/cplexhibitions\/wp-content\/uploads\/2017\/01\/AdminGhetto.jpg&#8221; parallaxbg=&#8221;fixed&#8221; captionposition=&#8221;bottom-left&#8221; lightbox=&#8221;off&#8221; floater=&#8221;on&#8221; floaterposition=&#8221;left&#8221; floaterdirection=&#8221;none&#8221;]\n[aesop_content color=&#8221;#333333&#8243; background=&#8221;#FFFFFF&#8221; columns=&#8221;1&#8243; position=&#8221;none&#8221; imgrepeat=&#8221;no-repeat&#8221; floaterposition=&#8221;left&#8221; floaterdirection=&#8221;up&#8221; revealfx=&#8221;off&#8221;]Ambassador of Italy\u00a0Armando Varricchio<br \/>\nRenato Miracco<strong><em>,\u00a0<\/em><\/strong>Cultural Attach\u00e8,\u00a0Embassy of Italy Washington DC<\/p>\n<p>Carla Hayden, Librarian of Congress<br \/>\nRoberta Shaffer, Director, Law Library of Congress<br \/>\nNathan Dorn Curator of Rare Books, Law Library of Congress<br \/>\nDr. Ann Brener, Hebraic Collection, Library of Congress<br \/>\nDomenic Sergi, Library of Congress Digital Scan Center<br \/>\nAndrew Cook, Library of Congress Digital Scan Center<br \/>\nTynesha Hubbard, Library of Congress, Law Library<br \/>\nKevin Long, Library of Congress, Law Library<\/p>\n<p>Gadi Luzzatto. At the inception of this project Gadi Luzzatto was scientific director of the Renato Maestro Library and he is now director of the Center for Contemporary Jewish Documentation in Milan.<\/p>\n<p>Natalia Indrimi, Executive Director, Centro Primo Levi New York<br \/>\nAlessandro Cassin, Director of Publishing, Centro Primo Levi New York<\/p>\n<p>This presentation was conceived in connection with the Carnegie Hall festival dedicated to the music and culture of La Serenissima.<br \/>\nClive Gillinson, Executive and Artistic Director of Carnegie Hall<br \/>\nJason Bagdade, Associate Artistic Administrator, Carnegie Hall.<\/p>\n<p>We are grateful to Stefano Albertini, Director of NYU Casa Italiana Zerilli Marim\u00f2 and his wonderful team for their partnership on this and many other projects of Centro Primo Levi.<\/p>\n<p>Web\u00a0programming and design:\u00a0Puja Devi<br \/>\nImages and photographs: Renato Maestro Library and Archive, Library of Congress, Mayank Austen Soofi. All other sources are specified in the captions.<\/p>\n[\/aesop_content]\n[aesop_parallax img=&#8221;http:\/\/www.primolevicenter.org\/cplexhibitions\/wp-content\/uploads\/2017\/01\/drawinghouses.jpg&#8221; parallaxbg=&#8221;fixed&#8221; captionposition=&#8221;bottom-left&#8221; lightbox=&#8221;off&#8221; floater=&#8221;on&#8221; floaterposition=&#8221;left&#8221; floaterdirection=&#8221;none&#8221;]\n[aesop_content color=&#8221;#333333&#8243; background=&#8221;#FFFFFF&#8221; columns=&#8221;1&#8243; position=&#8221;none&#8221; imgrepeat=&#8221;no-repeat&#8221; floaterposition=&#8221;left&#8221; floaterdirection=&#8221;up&#8221; revealfx=&#8221;off&#8221;]\nMusic<br \/>\n<em>Quia Amore Langueo<\/em>: Song of Songs 2:1-5, &#8220;Ani chavatzelet haSharon&#8221; (I am the Rose of Sharon)&#8221; by Profeti della Quinta Music by Elam Rotem, interpreted by Doreen Schlepper, Or\u00ec Harmelin<\/p>\n<p>Claudio Monteverdi, <em>Pur Ti Miro<\/em>, for cello quartet, The 4cellists<\/p>\n<p>Arcangelo Corelli, <em>La Follia<\/em><\/p>\n<p>Domenico Scarlatti, Sonata in A major (K.322\/L.483), Brayden Olson<\/p>\n<p>Tarquinio Merula, <em>Canzon La Ferrara<\/em><\/p>\n<p>Derya T\u00fcrkan, <em>A\u011f\u0131t<\/em> (U\u015f\u015f\u00e2k)<\/p>\n<p>Sylvius Leopold Weiss, Fantasia in c minor, <em>Caravaggio<\/em>, Jose Miguel Moreno<\/p>\n<p><em>Tradizioni musicali degli ebrei italiani dalla Collezione Leo Levi (1954-1961)<\/em>, a cura di Francesco Spagnolo, \u201cAnthology of Musical Traditions in Israel\u201d 14, Roma-Gerusalemme, Accademia Nazionale di Santa Cecilia \u2013 The Hebrew University of Jerusalem, 2001<\/p>\n<p>Shofet kol ha-aretz, Aschkenasy; Chon tachon, Sephardi; Yigdal (Pesach), Ashkenazy<\/p>\n[\/aesop_content]\n\n[aesop_parallax height=&#8221;100%&#8221; img=&#8221;http:\/\/www.primolevicenter.org\/cplexhibitions\/wp-content\/uploads\/2017\/01\/HousesGhetto3.jpg&#8221; parallaxbg=&#8221;fixed&#8221; captionposition=&#8221;bottom-left&#8221; lightbox=&#8221;off&#8221; floater=&#8221;on&#8221; floaterposition=&#8221;left&#8221; floaterdirection=&#8221;none&#8221;]\n\n[aesop_content color=&#8221;#000000&#8243; background=&#8221;#ffffff&#8221; columns=&#8221;1&#8243; position=&#8221;none&#8221; imgrepeat=&#8221;no-repeat&#8221; floaterposition=&#8221;left&#8221; floaterdirection=&#8221;up&#8221; revealfx=&#8221;off&#8221;]Two recent publications have been a reference in the development of this exhibit:<\/p>\n<p>Chiara Camarda (ed.),<i> The books of the Ghetto<\/i>. <i>Catalog of the Hebrew books of Jewish Community of Venice<\/i> (secc. xvi-xx), (Il Prato, Padua 2016)<\/p>\n<p>Donatella Calabi (ed.),\u00a0<em>Venice, the Jews, and Europe: 1516-2016<\/em>, Marsilio Editore, 2016<\/p>\n[\/aesop_content]\n[aesop_parallax img=&#8221;http:\/\/www.primolevicenter.org\/cplexhibitions\/wp-content\/uploads\/2017\/01\/Spartito.jpg&#8221; parallaxbg=&#8221;fixed&#8221; captionposition=&#8221;bottom-left&#8221; lightbox=&#8221;off&#8221; floater=&#8221;on&#8221; floaterposition=&#8221;left&#8221; floaterdirection=&#8221;none&#8221;]\n\n[aesop_content color=&#8221;#000000&#8243; background=&#8221;#ffffff&#8221; columns=&#8221;1&#8243; position=&#8221;none&#8221; imgrepeat=&#8221;no-repeat&#8221; floaterposition=&#8221;left&#8221; floaterdirection=&#8221;up&#8221; revealfx=&#8221;off&#8221;]That text that accompanies the presentation of books draws\u00a0on several publications:<\/p>\n<p>Marvin J. Heller, <em>Further Studies in the Making of the Early Hebrew Book<\/em>, 2013<\/p>\n<p>Marvin J. Heller,\u00a0<em>Unicums, Fragments, and Other Hebrew Book Rarities<\/em>, 2014<\/p>\n<p>Giuliano Tamani, <em>Di alcuni stampatori in ebraico a Venezia nei secoli XVI-XVII-XVIII<\/em>, 2015<\/p>\n<p>Joseph R. Hacker (Editor), Adam Shear (Editor), <em>The Hebrew Book in Early Modern Italy<\/em>, 2011<\/p>\n<p>Myron M. Weinstein, <em>The First Deinard Collection of the Library of Congress<\/em>, 2006<\/p>\n<p>Ann Brener, <em>Sixteenth-Century Hebrew Books at the Library of Congress, A Finding Aid<\/em>.<\/p>\n<p>Gerd Korman, <em>Jews\u00a0as a\u00a0Changing People of the Talmud: An. American Exploration<\/em>, 2001<\/p>\n<p>Christian David Ginsburg, <em>The Massoreth Ha-massoreth of Elias Levita<\/em>, 1867<\/p>\n<p>David Werner Amram, <em>The Makers of Hebrew Books in Italy<\/em>, 1909<\/p>\n<p>Rav Alberto Mosheh Somekh,\u00a0<em>Aspetti peculiari del minh\u00e0g italiano<\/em>, 2001<\/p>\n<p>Kenneth Collins, <em>Jewish Medical Students and Graduates at the Universities of Padua and Leiden: 1617\u20131740<\/em>, 2013<\/p>\n<p>Alessandro Marzo Magno, <em>Bound in Venice: The Serene Republic and the Dawn of the Book<\/em>, 2013<\/p>\n<p>Robert C. Davis (Editor), Benjamin Ravid (Editor), <em>The Jews of Early Modern Venice<\/em>, 2001<\/p>\n<p>David B. Ruderman (Editor), <em>Preachers of the Italian Ghetto<\/em>, 1992<\/p>\n<p>David Malkiel,\u00a0<em>A separate republic : the mechanics and dynamics of Venetian Jewish self-government (1607-1624)<\/em>, 1991<\/p>\n<p>Giuseppe Veltri, <em>Renaissance Philosophy in Jewish Garb: Foundations and Challenges in Judaism on the Eve of Modernity<\/em>, 2008<\/p>\n\n[\/aesop_content]\n[aesop_parallax img=&#8221;http:\/\/www.primolevicenter.org\/cplexhibitions\/wp-content\/uploads\/2017\/02\/a24.jpg&#8221; parallaxbg=&#8221;fixed&#8221; captionposition=&#8221;bottom-left&#8221; lightbox=&#8221;off&#8221; floater=&#8221;on&#8221; floaterposition=&#8221;left&#8221; floaterdirection=&#8221;none&#8221;]\n\n[aesop_content color=&#8221;#333333&#8243; background=&#8221;#FFFFFF&#8221; columns=&#8221;1&#8243; position=&#8221;none&#8221; imgrepeat=&#8221;no-repeat&#8221; floaterposition=&#8221;left&#8221; floaterdirection=&#8221;up&#8221; revealfx=&#8221;off&#8221;]The beautiful images taken at the Renato Maestro Library and Archive are by Mayank Austen Soofi and we are grateful to him for allowing us to use them. Mr. Austen Soofi is the author of Delhi-based photographic essays, that appear on his website The Delhi Walla. Every day, he walks around the city with his camera and notebook to track down the part of extraordinary that exists in the seemingly mundane aspects of urban lives. In 2016, Mayank documented the daily life in the Jewish ghetto of Venice. http:\/\/www.thedelhiwalla.com\/<\/p>\n[\/aesop_content]\n\n","protected":false},"excerpt":{"rendered":"<p>Lorem Ipsum is simply dummy text of the printing and typesetting industry. Lorem Ipsum has been the industry&#8217;s standard dummy text ever since the 1500s.<\/p>\n","protected":false},"author":1,"featured_media":1353,"comment_status":"closed","ping_status":"closed","sticky":false,"template":"","format":"standard","meta":[],"categories":[6],"tags":[],"_links":{"self":[{"href":"http:\/\/www.primolevicenter.org\/cplexhibitions\/wp-json\/wp\/v2\/posts\/309"}],"collection":[{"href":"http:\/\/www.primolevicenter.org\/cplexhibitions\/wp-json\/wp\/v2\/posts"}],"about":[{"href":"http:\/\/www.primolevicenter.org\/cplexhibitions\/wp-json\/wp\/v2\/types\/post"}],"author":[{"embeddable":true,"href":"http:\/\/www.primolevicenter.org\/cplexhibitions\/wp-json\/wp\/v2\/users\/1"}],"replies":[{"embeddable":true,"href":"http:\/\/www.primolevicenter.org\/cplexhibitions\/wp-json\/wp\/v2\/comments?post=309"}],"version-history":[{"count":139,"href":"http:\/\/www.primolevicenter.org\/cplexhibitions\/wp-json\/wp\/v2\/posts\/309\/revisions"}],"predecessor-version":[{"id":2227,"href":"http:\/\/www.primolevicenter.org\/cplexhibitions\/wp-json\/wp\/v2\/posts\/309\/revisions\/2227"}],"wp:featuredmedia":[{"embeddable":true,"href":"http:\/\/www.primolevicenter.org\/cplexhibitions\/wp-json\/wp\/v2\/media\/1353"}],"wp:attachment":[{"href":"http:\/\/www.primolevicenter.org\/cplexhibitions\/wp-json\/wp\/v2\/media?parent=309"}],"wp:term":[{"taxonomy":"category","embeddable":true,"href":"http:\/\/www.primolevicenter.org\/cplexhibitions\/wp-json\/wp\/v2\/categories?post=309"},{"taxonomy":"post_tag","embeddable":true,"href":"http:\/\/www.primolevicenter.org\/cplexhibitions\/wp-json\/wp\/v2\/tags?post=309"}],"curies":[{"name":"wp","href":"https:\/\/api.w.org\/{rel}","templated":true}]}}